{"id":2009,"date":"2018-02-28T12:29:23","date_gmt":"2018-02-28T11:29:23","guid":{"rendered":"http:\/\/www.sindacatodellefamiglie.org\/?p=2009"},"modified":"2018-05-05T10:59:30","modified_gmt":"2018-05-05T09:59:30","slug":"family-care","status":"publish","type":"post","link":"http:\/\/www.sindacatodellefamiglie.org\/index.php\/family-care\/","title":{"rendered":"Apre a Milano un nuovo servizio"},"content":{"rendered":"<h4><a href=\"http:\/\/www.sindacatodellefamiglie.org\/wp-content\/uploads\/2018\/02\/Albero-mani.jpg\"><img loading=\"lazy\" class=\" wp-image-2037 aligncenter\" src=\"http:\/\/www.sindacatodellefamiglie.org\/wp-content\/uploads\/2018\/02\/Albero-mani-191x300.jpg\" alt=\"\" width=\"220\" height=\"346\" srcset=\"http:\/\/www.sindacatodellefamiglie.org\/wp-content\/uploads\/2018\/02\/Albero-mani-191x300.jpg 191w, http:\/\/www.sindacatodellefamiglie.org\/wp-content\/uploads\/2018\/02\/Albero-mani-651x1024.jpg 651w, http:\/\/www.sindacatodellefamiglie.org\/wp-content\/uploads\/2018\/02\/Albero-mani.jpg 675w\" sizes=\"(max-width: 220px) 100vw, 220px\" \/><\/a><\/h4>\n<h4>&nbsp;<\/h4>\n<p style=\"text-align: justify;\"><strong>In collaborazione con il Sindacato delle Famiglie, ha aperto a Milano il&nbsp;Family Care, un centro integrato di servizi alla persona, alla coppia e alla famiglia.<\/strong><\/p>\n<p style=\"text-align: justify;\">\u00c8 un team di professionisti che aiuta a prendersi cura di s\u00e9, delle proprie relazioni, familiari e lavorative.<\/p>\n<p style=\"text-align: justify;\">Per saperne di pi\u00f9 sui servizi messi a disposizione dal Family Care clicca <a href=\"http:\/\/www.sindacatodellefamiglie.org\/wp-content\/uploads\/2018\/03\/brochure-family-care-modificata.pdf\">qui<\/a> per vedere la nostra brochure.<\/p>\n<h4>cell. 349 327 2771<\/h4>\n<h4>info@familycaremilano.it<\/h4>\n<p>A breve anche online!<\/p>\n<h4>&nbsp;<\/h4>\n","protected":false},"excerpt":{"rendered":"<p>&nbsp; In collaborazione con il Sindacato delle Famiglie, ha aperto a Milano il&nbsp;Family Care, un centro integrato di servizi alla persona, alla coppia e alla famiglia. \u00c8 un team di professionisti che aiuta a prendersi cura di s\u00e9, delle proprie relazioni, familiari e lavorative. Per saperne di pi\u00f9 sui servizi messi a disposizione dal Family [&hellip;]<\/p>\n","protected":false},"author":1001003,"featured_media":0,"comment_status":"closed","ping_status":"open","sticky":false,"template":"","format":"standard","meta":{"ngg_post_thumbnail":0},"categories":[1,8,24,6],"tags":[71,155,158,88,159],"aioseo_notices":[],"_links":{"self":[{"href":"http:\/\/www.sindacatodellefamiglie.org\/index.php\/wp-json\/wp\/v2\/posts\/2009"}],"collection":[{"href":"http:\/\/www.sindacatodellefamiglie.org\/index.php\/wp-json\/wp\/v2\/posts"}],"about":[{"href":"http:\/\/www.sindacatodellefamiglie.org\/index.php\/wp-json\/wp\/v2\/types\/post"}],"author":[{"embeddable":true,"href":"http:\/\/www.sindacatodellefamiglie.org\/index.php\/wp-json\/wp\/v2\/users\/1001003"}],"replies":[{"embeddable":true,"href":"http:\/\/www.sindacatodellefamiglie.org\/index.php\/wp-json\/wp\/v2\/comments?post=2009"}],"version-history":[{"count":23,"href":"http:\/\/www.sindacatodellefamiglie.org\/index.php\/wp-json\/wp\/v2\/posts\/2009\/revisions"}],"predecessor-version":[{"id":2035,"href":"http:\/\/www.sindacatodellefamiglie.org\/index.php\/wp-json\/wp\/v2\/posts\/2009\/revisions\/2035"}],"wp:attachment":[{"href":"http:\/\/www.sindacatodellefamiglie.org\/index.php\/wp-json\/wp\/v2\/media?parent=2009"}],"wp:term":[{"taxonomy":"category","embeddable":true,"href":"http:\/\/www.sindacatodellefamiglie.org\/index.php\/wp-json\/wp\/v2\/categories?post=2009"},{"taxonomy":"post_tag","embeddable":true,"href":"http:\/\/www.sindacatodellefamiglie.org\/index.php\/wp-json\/wp\/v2\/tags?post=2009"}],"curies":[{"name":"wp","href":"https:\/\/api.w.org\/{rel}","templated":true}]}}