{"id":2299,"date":"2020-02-10T15:53:20","date_gmt":"2020-02-10T14:53:20","guid":{"rendered":"http:\/\/www.sindacatodellefamiglie.org\/?p=2299"},"modified":"2020-02-10T16:05:40","modified_gmt":"2020-02-10T15:05:40","slug":"scuole-parentali-a-piacenza","status":"publish","type":"post","link":"http:\/\/www.sindacatodellefamiglie.org\/index.php\/scuole-parentali-a-piacenza\/","title":{"rendered":"Scuole Parentali a Piacenza"},"content":{"rendered":"\n<p>Cari amici,<\/p>\n<p>vi facciamo partecipi di questa lettera pervenuta dai nostri responsabili di Piacenza che racconta l\u2019esperienza educativa delle loro famiglie.<\/p>\n<p>Quanto testimoniano ci dice che \u00e8 ancora possibile, nel nostro Paese, &nbsp;far nascere esperienze educative significative per genitori e figli pur nel contesto cos\u00ec disgregato in cui viviamo.<\/p>\n<p>Ringraziamo della testimonianza che comunica capacit\u00e0 operativa delle giovani famiglie e sollecitiamo tutti a chiedersi \u201c\u2026 e noi cosa possiamo fare per sfidare e invertire l\u2019insidia della rassegnazione e della delega alla mentalit\u00e0 dominante?\u201d<\/p>\n<p>La strada \u00e8 sempre e solo quella di riaffermare il compito pi\u00f9 affascinante e irrinunciabile della famiglia: trasmettere la vita e il senso della vita per dare solidit\u00e0 e speranza al vivere e al crescere delle nuove generazioni.<\/p>\n<p>Buon lavoro a tutti.<\/p>\n<p>Gianna Savaris<br>Presidente del Sindacato delle Famiglie<\/p>\n<p>&nbsp;<\/p>\n\n\n\n<div class=\"wp-block-file\"><a href=\"http:\/\/www.sindacatodellefamiglie.org\/wp-content\/uploads\/2020\/02\/Informazione-attivit\u00e0-Sidef-Piacenza.pdf\"><strong>Scuole Parentali a Piacenza<\/strong><\/a><a href=\"http:\/\/www.sindacatodellefamiglie.org\/wp-content\/uploads\/2020\/02\/Informazione-attivit\u00e0-Sidef-Piacenza.pdf\" class=\"wp-block-file__button\" download>Download<\/a><\/div>\n\n\n\n<table style=\"width: 100%; border-collapse: collapse; border-color: #000000; background-color: #ffffff; border-style: solid;\">\n<tbody>\n<tr>\n<td style=\"width: 100%;\">\n<p style=\"text-align: center;\"><strong><em>\u201cL\u2019attenzione alla dimensione formativa risulta, in effetti, particolarmente urgente; a voi genitori \u00e8 richiesto non solo di rivendicare dei diritti, ma soprattutto di partecipare creativamente e costruttivamente alla vita della scuola, in ambito ecclesiale, educativo e sociale\u201d<br><\/em><\/strong><strong><em>Giovanni Paolo II<\/em><\/strong><\/p>\n<\/td>\n<\/tr>\n<\/tbody>\n<\/table>\n","protected":false},"excerpt":{"rendered":"<p>Cari amici, vi facciamo partecipi di questa lettera pervenuta dai nostri responsabili di Piacenza che racconta l\u2019esperienza educativa delle loro famiglie. Quanto testimoniano ci dice che \u00e8 ancora possibile, nel nostro Paese, &nbsp;far nascere esperienze educative significative per genitori e figli pur nel contesto cos\u00ec disgregato in cui viviamo. Ringraziamo della testimonianza che comunica capacit\u00e0 [&hellip;]<\/p>\n","protected":false},"author":1001003,"featured_media":0,"comment_status":"closed","ping_status":"open","sticky":false,"template":"","format":"standard","meta":{"ngg_post_thumbnail":0},"categories":[1,8],"tags":[],"aioseo_notices":[],"_links":{"self":[{"href":"http:\/\/www.sindacatodellefamiglie.org\/index.php\/wp-json\/wp\/v2\/posts\/2299"}],"collection":[{"href":"http:\/\/www.sindacatodellefamiglie.org\/index.php\/wp-json\/wp\/v2\/posts"}],"about":[{"href":"http:\/\/www.sindacatodellefamiglie.org\/index.php\/wp-json\/wp\/v2\/types\/post"}],"author":[{"embeddable":true,"href":"http:\/\/www.sindacatodellefamiglie.org\/index.php\/wp-json\/wp\/v2\/users\/1001003"}],"replies":[{"embeddable":true,"href":"http:\/\/www.sindacatodellefamiglie.org\/index.php\/wp-json\/wp\/v2\/comments?post=2299"}],"version-history":[{"count":10,"href":"http:\/\/www.sindacatodellefamiglie.org\/index.php\/wp-json\/wp\/v2\/posts\/2299\/revisions"}],"predecessor-version":[{"id":2311,"href":"http:\/\/www.sindacatodellefamiglie.org\/index.php\/wp-json\/wp\/v2\/posts\/2299\/revisions\/2311"}],"wp:attachment":[{"href":"http:\/\/www.sindacatodellefamiglie.org\/index.php\/wp-json\/wp\/v2\/media?parent=2299"}],"wp:term":[{"taxonomy":"category","embeddable":true,"href":"http:\/\/www.sindacatodellefamiglie.org\/index.php\/wp-json\/wp\/v2\/categories?post=2299"},{"taxonomy":"post_tag","embeddable":true,"href":"http:\/\/www.sindacatodellefamiglie.org\/index.php\/wp-json\/wp\/v2\/tags?post=2299"}],"curies":[{"name":"wp","href":"https:\/\/api.w.org\/{rel}","templated":true}]}}