{"id":2316,"date":"2020-07-09T15:48:48","date_gmt":"2020-07-09T14:48:48","guid":{"rendered":"http:\/\/www.sindacatodellefamiglie.org\/?p=2316"},"modified":"2020-07-09T15:48:48","modified_gmt":"2020-07-09T14:48:48","slug":"dimensione-famiglia-luglio-2020","status":"publish","type":"post","link":"http:\/\/www.sindacatodellefamiglie.org\/index.php\/dimensione-famiglia-luglio-2020\/","title":{"rendered":"DIMENSIONE FAMIGLIA &#8211; Luglio 2020"},"content":{"rendered":"\n\n\n<p><span style=\"color: #008080;\"><strong>Carissimi amici,<\/strong><\/span><\/p>\n<p><b style=\"color: #008080;\">ci siamo incontrati su queste nostre pagine nel mese di marzo, <\/b><span style=\"color: #008080;\"><b>all&#8217;inizio<\/b><\/span><b style=\"color: #008080;\"> di questa \u201crivoluzione epocale\u201d che \u00e8 stata la Pandemia di Covid 19 che ha investito noi e il resto del mondo.<\/b><\/p>\n<p><span style=\"color: #008080;\"><strong>Sono stati mesi complessi: prima l\u2019incredulit\u00e0 sulle dimensioni di una catastrofe sconosciuta, poi sui tempi in cui saremmo stati chiamati ad affrontare questa realt\u00e0 di vita, che sfidava le nostre certezze e stravolgeva l\u2019ordine dei bisogni cui le famiglie si trovavano a dover rispondere; infine questa nuova realt\u00e0 ci sfidava sul \u201ccome\u201d e \u201cda chi\u201d avremmo trovato energie e soluzioni per reimpostare le nostre vite nonostante il dramma che ci sovrastava.<\/strong><\/span><\/p>\n<p><span style=\"color: #008080;\"><strong>Ed \u00e8 stato chiaro da subito che noi tutti eravamo portatori di energie e soluzioni impensabili e inesauribili.<\/strong><\/span><\/p>\n<p><span style=\"color: #008080;\"><strong>Tutte le nostre famiglie hanno liberato le loro energie, adattandole alle circostanze ciascuna con le sue proprie modalit\u00e0, riproducendo nelle nostre case i \u201dluoghi di lavoro\u201d, \u201cle scuole\u201d, \u201cle cure\u201d, \u201di giochi\u201d persino \u201di canti e i balli\u201d, tutto a misura \u201cfamiliare\u201d e di \u201cbuon vicinato\u201d, condividendo, accogliendo, sostenendo i pi\u00f9 deboli e i sofferenti.<\/strong><\/span><\/p>\n<p><span style=\"color: #008080;\"><strong>Tutto questo con il dolore nel cuore per chi si ammalava, soffriva e moriva da solo negli Ospedali e nelle Case di riposo. Ma quella \u00e8 stata una&nbsp; generazione forte,&nbsp; provata da una guerra e protagonista della grande ricostruzione del Paese che ha trasmesso a noi \u2013 generazione di mezzo \u2013 il gusto di lavorare per il bene comune,&nbsp; di migliorarsi e migliorare il tessuto sociale, il gusto di crescere e imparare, di mettere al mondo figli a nostra volta, di diventare protagonisti del \u201dmiracolo economico\u201d italiano anche negli \u201canni di piombo\u201d dell\u2019ultimo scorcio del secolo scorso. Tutto questo sostenuto da una fede radicata, magari non sempre espressa, ma che in questa circostanza ha ritrovato le vere ragioni del vivere e del morire e il significato profondo e sacro del dolore e del sacrificio. Per onorarli davvero ora sta a noi raccoglierne l\u2019eredit\u00e0.<\/strong><\/span><\/p>\n<p><span style=\"color: #008080;\"><strong>Viviamo ora in una societ\u00e0 complessa che sembra aver smarrito la coscienza di s\u00e9, una societ\u00e0 effimera e superficiale, la societ\u00e0 \u201cdella movida\u201d, la societ\u00e0 \u201cfluida\u201d, una societ\u00e0 che tende ad avere molti rapporti per poi non averne di fatto nessuno. <\/strong><\/span><\/p>\n<p><span style=\"color: #008080;\"><strong>Cosa sarebbe stato di noi se non ci fossero state le Famiglie! Quel luogo stabile, sicuro, riconoscibile, fondato su un giuramento per la vita, che non ha paura della responsabilit\u00e0 del vivere e del far vivere, del nascere e del morire, dove tutto l\u2019umano viene accolto, accompagnato, amato, \u201cnella buona e nella cattiva sorte\u201d, senza riserve e paure, consci delle fatiche e delle responsabilit\u00e0 ma sempre aperti al perdono, all\u2019abbraccio, ad accogliersi gli uni gli altri, a camminare insieme.<\/strong><\/span><\/p>\n<p><span style=\"color: #008080;\"><strong>Incamminiamoci dunque a ricostruire e a testimoniare il bene emerso da questa prova epocale!<\/strong><\/span><\/p>\n<p style=\"text-align: right;\"><span style=\"color: #008080;\"><em><strong>Gianna Savaris<\/strong><\/em><\/span><\/p>\n<p style=\"text-align: center;\"><span style=\"color: #008080;\"><strong>&nbsp;<\/strong><\/span><strong><span style=\"color: #008080;\">&#8212;&#8212;&#8212;&#8212;&#8212;&#8212;&#8212;-<\/span><br><\/strong><\/p>\n<p><strong><u>\u201cOltre il Corona Virus: appunti per trovare la vera libert\u00e0\u201d<\/u><\/strong><\/p>\n<p><em>Intervento di Mons. Crepaldi, Arcivescovo di Trieste \u2013 17 giugno 2020<\/em><\/p>\n<p><a href=\"http:\/\/www.sindacatodellefamiglie.org\/wp-content\/uploads\/2020\/07\/monsignor-crepaldi.jpg\"><img loading=\"lazy\" class=\"wp-image-2318 alignright\" src=\"http:\/\/www.sindacatodellefamiglie.org\/wp-content\/uploads\/2020\/07\/monsignor-crepaldi-300x220.jpg\" alt=\"\" width=\"200\" height=\"147\" srcset=\"http:\/\/www.sindacatodellefamiglie.org\/wp-content\/uploads\/2020\/07\/monsignor-crepaldi-300x220.jpg 300w, http:\/\/www.sindacatodellefamiglie.org\/wp-content\/uploads\/2020\/07\/monsignor-crepaldi.jpg 330w\" sizes=\"(max-width: 200px) 100vw, 200px\" \/><\/a><\/p>\n<p>In questo suo intervento del 17 giugno scorso l\u2019Arcivescovo di Trieste, Mons. Crepaldi, ci accompagna a guardare ai dolorosi mesi trascorsi e ci invita a far tesoro di quanto abbiamo da imparare dall&#8217;evento della pandemia affinch\u00e9, quanto accaduto in questi mesi, non passi senza incidere sulle coscienze e nella vita del Popolo di Dio.<\/p>\n<p><a href=\"https:\/\/lanuovabq.it\/it\/oltre-il-coronavirus-appunti-per-trovare-la-vera-liberta\">Link<\/a><\/p>\n<p>&nbsp;<\/p>\n<hr>\n<p>Fra gli argomenti pi\u00f9 significativi che sono all\u2019attenzione dell\u2019opinione pubblica abbiamo scelto due interventi che meglio sintetizzano ed esplicitano aspetti che toccano, per versi differenti, le famiglie.<\/p>\n<p><strong><u>Family Act<\/u><\/strong><\/p>\n<p>Il primo tema riguarda proprio la battaglia che ci \u00e8 pi\u00f9 \u201ccara\u201d: quella del riconoscimento dei carichi familiari.<\/p>\n<p>La Ministra Elena Bonetti venne ad incontrare il Forum delle Associazioni Familiari la settimana successiva alla sua nomina. Per lei, quel fresco incarico era una novit\u00e0 assoluta. Lo riconobbe onestamente e chiese che il Forum contribuisse con le proprie competenze e le proprie richieste alla formulazione di politiche familiari realmente mirate e adeguate. Questo discorso, per\u00f2, ce lo eravamo sentiti fare innumerevoli volte. Molti Ministri erano intervenuti alle Assemblee del Forum ed erano andati via con \u201cCartellina\u201d e tante promesse. La precedente occasione era stata la volta persino di Luigi Di Maio e di alcuni esponenti di vari partiti come Lega e PD.<\/p>\n<p>Questa volta la Ministra ha mantenuto la parola e l\u201911 giugno ha portato al Tavolo del Consiglio dei Ministri un \u201cprovvedimento mirato\u201d da cui \u00e8 sortita una Legge delega sulla materia. Inoltre, l\u2019approccio \u00e8 alla Famiglia come soggetto sociale e primario e non ai suoi membri \u201cin ordine sparso\u201d, la qual cosa disperdeva l\u2019effetto in mille rivoli vanificandone in parte l\u2019impatto sia economico, che politico e culturale.<\/p>\n<p>Per aiutarci a guardare ai contenuti del provvedimento per poi poter meglio seguirne l\u2019iter (che non sar\u00e0 n\u00e9 semplice, n\u00e9 breve) vi proponiamo un articolo sintetico ma completo del Direttore del CISF (Centro Internazionale Studi Famiglia), gi\u00e0 Presidente del Forum delle Associazioni Familiari.<\/p>\n<p><strong><em><u>Family Act &#8211; Un assegno mensile per i figli<\/u><\/em><\/strong><\/p>\n<p><em>Francesco Belletti, Direttore del CISF \u2013 17 giugno 2020<\/em><\/p>\n<p><a href=\"https:\/\/www.famigliacristiana.it\/articolo\/col-family-act-arriva-lo-stipendio-per-i-figli.aspx?utm_source=newsletter&amp;utm_medium=newsletter_cisf&amp;utm_campaign=newsletter_cisf_17_06_2020\"><strong>Link<\/strong><\/a><\/p>\n<p><strong><u>Omofobia<\/u><\/strong><\/p>\n<p>Nel panorama del fronte \u2013 sempre molto caldo- della \u201cquestione omosessuale\u201d &#8211; si inserisce il DDL Zan, di cui non si vede proprio la necessit\u00e0 in quanto nel nostro ordinamento giuridico esistono gi\u00e0 adeguati presidi con cui prevenire e reprimere comportamenti violenti o persecutori, compresi quelli di natura omosessuale.<\/p>\n<p>Ancora una volta siamo di fronte ad una operazione meramente \u201cculturale\u201d, di quelle che tendono a cambiare la percezione sociale dei comportamenti.<\/p>\n<p>Questo introduce \u2013 e ci prova da tempo \u2013 un concetto di libert\u00e0 falso e intimidatorio nei confronti di chi non si allinea alla considerazione che \u201clibert\u00e0 \u00e8 fare quello che si vuole\u201d senza limiti e rispetto per la libert\u00e0 altrui. Anzi la libert\u00e0 degli altri \u00e8 vista come un attentato alla libert\u00e0 stessa che viene considerata senza limiti e irrinunciabile. La libert\u00e0 della persona, invece, \u00e8 un bene prezioso, da rispettare in noi e negli altri, si misura sempre con la libert\u00e0 dell\u2019altro, e l\u2019una finisce dove l\u2019altra comincia.<\/p>\n<p><strong><em><u>Omofobia, una nuova legge non \u00e8 necessaria<\/u><\/em><\/strong><\/p>\n<p><em>Nota della Presidenza della CEI \u2013 10 giugno 2020<\/em><\/p>\n<p><a href=\"https:\/\/www.ceinews.it\/2020\/06\/10\/i-vescovi-contro-ogni-discriminazione-omofobia-una-nuova-legge-non-e-necessaria\/\"><strong>Link<\/strong><\/a><\/p>\n<p>&nbsp;<\/p>\n<hr>\n<p><strong>PROPOSTE DI LETTURA<\/strong><\/p>\n<p><a href=\"http:\/\/www.sindacatodellefamiglie.org\/wp-content\/uploads\/2020\/07\/ns_Padronedelmondo-Benson-2.jpg\"><img loading=\"lazy\" class=\"alignright wp-image-2322\" src=\"http:\/\/www.sindacatodellefamiglie.org\/wp-content\/uploads\/2020\/07\/ns_Padronedelmondo-Benson-2-204x300.jpg\" alt=\"\" width=\"149\" height=\"219\" srcset=\"http:\/\/www.sindacatodellefamiglie.org\/wp-content\/uploads\/2020\/07\/ns_Padronedelmondo-Benson-2-204x300.jpg 204w, http:\/\/www.sindacatodellefamiglie.org\/wp-content\/uploads\/2020\/07\/ns_Padronedelmondo-Benson-2.jpg 274w\" sizes=\"(max-width: 149px) 100vw, 149px\" \/><\/a><\/p>\n<p>Definito da Papa Francesco un romanzo capace di aver \u201cvisto quello spirito della mondanit\u00e0 che ci porta all\u2019apostasia\u201d nel contesto della condanna del \u201cpensiero unico\u201d che discende dalle lusinghe della mondanit\u00e0, Il padrone del mondo si presenta ai lettori di oggi in una nuova traduzione pi\u00f9 moderna e graffiante, con una lingua pi\u00f9 consona ai tempi e alla carica visionaria del capolavoro distopico di Robert Hugh Benson, capace di profetizzare l\u2019avvento di un mondo globalizzato e tecnologico che ha negato Dio e la trascendenza in nome di umanitarismo, massoneria, filantropia ed eutanasia, che sono il preludio dell\u2019inferno sulla terra.<\/p>\n<p><em>Disponibile su Itacalibri<\/em><\/p>\n<p>&nbsp;<\/p>\n<hr>\n<p style=\"text-align: center;\"><span style=\"color: #008080;\"><strong><em>Iscrizioni&nbsp;&nbsp; <\/em><\/strong><strong><em>\u2013<\/em><\/strong><strong><em>&nbsp;&nbsp; Iscrizioni&nbsp;&nbsp; <\/em><\/strong><strong><em>\u2013<\/em><\/strong><strong><em>&nbsp;&nbsp; Iscrizioni<\/em><\/strong><\/span><\/p>\n<p><span style=\"color: #008080;\"><strong><em>Carissimi, vi ricordiamo l\u2019abbonamento e\/o il rinnovo dell\u2019iscrizione al Sidef:<\/em><\/strong><strong><em>&nbsp;<\/em><\/strong><\/span><\/p>\n<p style=\"text-align: center;\"><span style=\"color: #008080;\"><strong><em>Soci ordinari&nbsp;&nbsp;&nbsp; \u20ac 20&nbsp;&nbsp;&nbsp;&nbsp;&nbsp;&nbsp;&nbsp;&nbsp;&nbsp; \u2013&nbsp;&nbsp;&nbsp;&nbsp;&nbsp;&nbsp;&nbsp;&nbsp;&nbsp; Soci sostenitori&nbsp;&nbsp;&nbsp; \u20ac 50<\/em><\/strong><\/span><\/p>\n<p><span style=\"color: #008080;\"><strong><em>&nbsp;<\/em><\/strong><strong><em>C\/C postale n. 24403206 intestato a:<\/em><\/strong><\/span><\/p>\n<p><span style=\"color: #008080;\"><strong><em>Sindacato delle Famiglie Onlus \u2013 Via M. Melloni, 27 \u2013 20129 Milano<\/em><\/strong><\/span><\/p>\n<p><span style=\"color: #008080;\"><strong><em>&nbsp;<\/em><\/strong><strong><em>Bonifico su c\/c bancario: Codice IBAN&nbsp; IT03 N050 3401 7370 0000 0001 751<\/em><\/strong><\/span><\/p>\n<p style=\"text-align: center;\"><strong><em>&nbsp;<\/em><\/strong><a href=\"http:\/\/www.sindacatodellefamiglie.org\">www.sindacatodellefamiglie.org<\/a> &nbsp;&nbsp;\u2013 &nbsp;&nbsp;<a href=\"mailto:sidef@sindacatodellefamiglie.org\">sidef@sindacatodellefamiglie.org<\/a><\/p>\n<p style=\"text-align: left;\"><strong>Non dimenticate il<\/strong><strong><span style=\"color: #ff0000;\"> 5 x 1000<\/span> a<\/strong><strong>l <span style=\"color: #008080;\">Sindacato delle Famiglie Onlus<\/span><\/strong><\/p>\n<p style=\"text-align: center;\"><strong>97019360151<\/strong><\/p>\n","protected":false},"excerpt":{"rendered":"<p>Carissimi amici, ci siamo incontrati su queste nostre pagine nel mese di marzo, all&#8217;inizio di questa \u201crivoluzione epocale\u201d che \u00e8 stata la Pandemia di Covid 19 che ha investito noi e il resto del mondo. Sono stati mesi complessi: prima l\u2019incredulit\u00e0 sulle dimensioni di una catastrofe sconosciuta, poi sui tempi in cui saremmo stati chiamati [&hellip;]<\/p>\n","protected":false},"author":1001003,"featured_media":0,"comment_status":"closed","ping_status":"open","sticky":false,"template":"","format":"standard","meta":{"ngg_post_thumbnail":0},"categories":[6],"tags":[],"aioseo_notices":[],"_links":{"self":[{"href":"http:\/\/www.sindacatodellefamiglie.org\/index.php\/wp-json\/wp\/v2\/posts\/2316"}],"collection":[{"href":"http:\/\/www.sindacatodellefamiglie.org\/index.php\/wp-json\/wp\/v2\/posts"}],"about":[{"href":"http:\/\/www.sindacatodellefamiglie.org\/index.php\/wp-json\/wp\/v2\/types\/post"}],"author":[{"embeddable":true,"href":"http:\/\/www.sindacatodellefamiglie.org\/index.php\/wp-json\/wp\/v2\/users\/1001003"}],"replies":[{"embeddable":true,"href":"http:\/\/www.sindacatodellefamiglie.org\/index.php\/wp-json\/wp\/v2\/comments?post=2316"}],"version-history":[{"count":8,"href":"http:\/\/www.sindacatodellefamiglie.org\/index.php\/wp-json\/wp\/v2\/posts\/2316\/revisions"}],"predecessor-version":[{"id":2328,"href":"http:\/\/www.sindacatodellefamiglie.org\/index.php\/wp-json\/wp\/v2\/posts\/2316\/revisions\/2328"}],"wp:attachment":[{"href":"http:\/\/www.sindacatodellefamiglie.org\/index.php\/wp-json\/wp\/v2\/media?parent=2316"}],"wp:term":[{"taxonomy":"category","embeddable":true,"href":"http:\/\/www.sindacatodellefamiglie.org\/index.php\/wp-json\/wp\/v2\/categories?post=2316"},{"taxonomy":"post_tag","embeddable":true,"href":"http:\/\/www.sindacatodellefamiglie.org\/index.php\/wp-json\/wp\/v2\/tags?post=2316"}],"curies":[{"name":"wp","href":"https:\/\/api.w.org\/{rel}","templated":true}]}}